{"id":9729,"date":"2019-05-07T11:37:04","date_gmt":"2019-05-07T11:37:04","guid":{"rendered":"https:\/\/theracebox.com\/?p=9729"},"modified":"2019-07-23T10:27:17","modified_gmt":"2019-07-23T10:27:17","slug":"cetait-chaud-a-ostricourt-pour-la-iame-series-benelux-2","status":"publish","type":"post","link":"https:\/\/theracebox.com\/fr\/cetait-chaud-a-ostricourt-pour-la-iame-series-benelux-2\/","title":{"rendered":"C\u2019\u00e9tait chaud \u00e0 Ostricourt pour la IAME Series Benelux !"},"content":{"rendered":"\n<p>Pour sa deuxi\u00e8me \u00e9preuve de la saison, la IAME Series Benelux avait plant\u00e9 ses tr\u00e9teaux sur le Circuit de la M\u00e9tropole \u00e0 Ostricourt, \u00e0 proximit\u00e9 de Lille. Pas moins de 153 pilotes ont rejoint la r\u00e9gion des Hauts-de-France pour une \u00e9preuve passionnante. Si quelques averses ont apport\u00e9 leur lot de tension le samedi apr\u00e8s-midi, c\u2019est une piste s\u00e8che qui attendait les concurrents le dimanche. Et si les temp\u00e9ratures sont rest\u00e9es tr\u00e8s fra\u00eeches, ce fut tr\u00e8s chaud en piste&nbsp;dimanche apr\u00e8s-midi avec des Finales qui auront une fois de plus ravi les passionn\u00e9s de karting&nbsp;par leur intensit\u00e9.<\/p>\n\n\n\n<p><strong>X30 Senior&nbsp;: premi\u00e8re de\nl\u2019ann\u00e9e pour Goldstein <\/strong><\/p>\n\n\n\n<p>Auteur de la pole position et vainqueur de ses trois manches\nqualificatives, Joey van Splunteren semblait dominer la cat\u00e9gorie X30 Senior \u00e0\nOstricourt. Mais en Finale, le champion en titre ne pouvait confirmer sa\nsupr\u00e9matie. Le N\u00e9erlandais se faisait assez rapidement d\u00e9border par un Elie\nGoldstein autoritaire. Le Bruxellois, vice-champion l\u2019an dernier, s\u2019\u00e9tait \u00e9lanc\u00e9\ndepuis la 4<sup>e<\/sup> position, mais il s\u2019est montr\u00e9 intouchable au moment\nd\u00e9cisif. Derri\u00e8re lui, Corentin Collignon arrachait de justesse la 2<sup>e<\/sup>\nplace apr\u00e8s une magnifique lutte avec Joey van Splunteren et Niels Koolen. Dans\ndes d\u00e9bats tr\u00e8s anim\u00e9s, les fr\u00e8res Esteban et O\u2019Neill Muth ont vis\u00e9 un moment\nle podium avant glisser aux 5<sup>e<\/sup> et 6<sup>e<\/sup> rangs, O\u2019Neill\ns\u2019\u00e9tant notamment frott\u00e9 un peu virilement avec Tuur Stalmans, finalement 8<sup>e<\/sup>.\nClass\u00e9 aux portes du Top 10, le Fran\u00e7ais Enzo L\u00e9v\u00eaque remportait le classement\ndes Rookies. Leader de cette classe apr\u00e8s Mariembourg, Sam Balota a \u00e9t\u00e9 le\ngrand malchanceux du week-end en ne d\u00e9crochant pas son ticket pour la Finale.<\/p>\n\n\n\n<p>Au championnat, la belle r\u00e9gularit\u00e9 de Corentin Collignon lui permet de prendre les commandes devant Matteo Raspatelli, 10<sup>e<\/sup> ce dimanche, Joey van Splunteren, O\u2019Neill Muth et Tuur Stalmans. Apr\u00e8s son week-end rat\u00e9 \u00e0 Marembourg, Elie Goldstein remonte \u00e0 la 7<sup>e<\/sup> place.<\/p>\n\n\n\n<figure class=\"wp-block-image\"><img loading=\"lazy\" decoding=\"async\" width=\"800\" height=\"533\" src=\"https:\/\/theracebox.com\/wp-content\/uploads\/2019\/05\/ei-1-1.jpeg\" alt=\"\" class=\"wp-image-9699\" srcset=\"https:\/\/theracebox.com\/wp-content\/uploads\/2019\/05\/ei-1-1.jpeg 800w, https:\/\/theracebox.com\/wp-content\/uploads\/2019\/05\/ei-1-1-300x200.jpeg 300w, https:\/\/theracebox.com\/wp-content\/uploads\/2019\/05\/ei-1-1-768x512.jpeg 768w, https:\/\/theracebox.com\/wp-content\/uploads\/2019\/05\/ei-1-1-150x100.jpeg 150w, https:\/\/theracebox.com\/wp-content\/uploads\/2019\/05\/ei-1-1-500x333.jpeg 500w, https:\/\/theracebox.com\/wp-content\/uploads\/2019\/05\/ei-1-1-690x460.jpeg 690w\" sizes=\"auto, (max-width: 800px) 100vw, 800px\" \/><figcaption>\u00a9 Pascal Verheuge<\/figcaption><\/figure>\n\n\n\n<p><strong>X30 Junior&nbsp;: Ripley au\nbout du suspense<\/strong><\/p>\n\n\n\n<p>La cat\u00e9gorie X30 Junior (12-15 ans) a l\u2019habitude de proposer des courses palpitantes. Cette Finale d\u2019Ostricourt n\u2019a pas d\u00e9rog\u00e9 \u00e0 la r\u00e8gle&nbsp;! Apr\u00e8s un d\u00e9but de course terriblement intense et anim\u00e9, l\u2019Anglais Zach Ripley et l\u2019\u00c9cossais Cian Shields parvenaient \u00e0 s\u2019\u00e9chapper pour se disputer la victoire au sprint. Et si Ripley s\u2019imposait de justesse, Cian Shields pouvait se consoler avec un leadership renforc\u00e9 au championnat. Leader apr\u00e8s les manches qualificatives, Liam Mc Neilly \u2013 encore un Britannique&nbsp;\u2013 sortait vainqueur d\u2019un groupe de chasse tr\u00e8s mouvement\u00e9, devan\u00e7ant le N\u00e9erlandais Bart Ploeg, le Belge Noah Maton, le Polonais Jerzy Spinkiewicz, les N\u00e9erlandais Nathan Ottink et Dani Prins, le Fran\u00e7ais Fran\u00e7ois Dell\u2019Atti et le Belge Lucas Taelmans, tous group\u00e9s sous le drapeau \u00e0 damier. Derri\u00e8re Cian Shields, Liam Mc Neilly occupe la 2e place du championnat devant Bart Ploeg, Zach Ripley et Noah Maton.<\/p>\n\n\n\n<figure class=\"wp-block-image\"><img loading=\"lazy\" decoding=\"async\" width=\"800\" height=\"533\" src=\"https:\/\/theracebox.com\/wp-content\/uploads\/2019\/05\/ei-2.jpeg\" alt=\"\" class=\"wp-image-9702\" srcset=\"https:\/\/theracebox.com\/wp-content\/uploads\/2019\/05\/ei-2.jpeg 800w, https:\/\/theracebox.com\/wp-content\/uploads\/2019\/05\/ei-2-300x200.jpeg 300w, https:\/\/theracebox.com\/wp-content\/uploads\/2019\/05\/ei-2-768x512.jpeg 768w, https:\/\/theracebox.com\/wp-content\/uploads\/2019\/05\/ei-2-150x100.jpeg 150w, https:\/\/theracebox.com\/wp-content\/uploads\/2019\/05\/ei-2-500x333.jpeg 500w, https:\/\/theracebox.com\/wp-content\/uploads\/2019\/05\/ei-2-690x460.jpeg 690w\" sizes=\"auto, (max-width: 800px) 100vw, 800px\" \/><figcaption>\u00a9 Pascal Verheuge<\/figcaption><\/figure>\n\n\n\n<p><strong>X30 Cadet&nbsp;: Abraham prend\nsa revanche<\/strong><\/p>\n\n\n\n<p>Auteur du meilleur temps des essais en X30 Cadet (11-13 ans), Kimmy Abraham \u00e9tait ralenti par un probl\u00e8me de carburateur lors de la premi\u00e8re manche qualificative. Le jeune Ittrois prenait rapidement sa revanche en remportant la deuxi\u00e8me manche, de quoi lui permettre de revenir au cinqui\u00e8me rang du classement interm\u00e9diaire. En Finale, le champion Mini 2017 remontait aux avant-postes pour sortir vainqueur d\u2019une fantastique bagarre avec Th\u00e9o Pirmez et Rayhan Mou\u00f4ya, parti depuis la pole position. P\u00e9nalis\u00e9 de 10 secondes pour une conduite antisportive, Th\u00e9o r\u00e9trogradait n\u00e9anmoins \u00e0 la 6<sup>e<\/sup> place et c\u2019est donc Simon Lacroix qui montait sur la plus petite marche du podium. Quatri\u00e8me devant Wout De Ridder, le N\u00e9erlandais Milan Kok conserve la t\u00eate du championnat pour un point face \u00e0 Rayhan Mou\u00f4ya, Kimmy Abraham revenant au 3<sup>e<\/sup> rang. <\/p>\n\n\n\n<figure class=\"wp-block-image\"><img loading=\"lazy\" decoding=\"async\" width=\"800\" height=\"533\" src=\"https:\/\/theracebox.com\/wp-content\/uploads\/2019\/05\/ei-3.jpeg\" alt=\"\" class=\"wp-image-9705\" srcset=\"https:\/\/theracebox.com\/wp-content\/uploads\/2019\/05\/ei-3.jpeg 800w, https:\/\/theracebox.com\/wp-content\/uploads\/2019\/05\/ei-3-300x200.jpeg 300w, https:\/\/theracebox.com\/wp-content\/uploads\/2019\/05\/ei-3-768x512.jpeg 768w, https:\/\/theracebox.com\/wp-content\/uploads\/2019\/05\/ei-3-150x100.jpeg 150w, https:\/\/theracebox.com\/wp-content\/uploads\/2019\/05\/ei-3-500x333.jpeg 500w, https:\/\/theracebox.com\/wp-content\/uploads\/2019\/05\/ei-3-690x460.jpeg 690w\" sizes=\"auto, (max-width: 800px) 100vw, 800px\" \/><figcaption>\u00a9 Pascal Verheuge<\/figcaption><\/figure>\n\n\n\n<p><strong>Mini&nbsp;: Outran \u00e0 l\u2019arrach\u00e9e<\/strong><\/p>\n\n\n\n<p>Pratiquement \u00e0 domicile, Cl\u00e9ment Outran a remport\u00e9 une magnifique victoire en Mini (7-11 ans) sur le circuit d\u2019Ostricourt. Le jeune Fran\u00e7ais, d\u00e9j\u00e0 vainqueur d\u2019une manche qualificative, a poursuivi son duel avec Sacha van \u2018t pad Bosch durant la Finale. Et c\u2019est finalement pour\u2026 86 milli\u00e8mes de seconde que Cl\u00e9ment s\u2019imposait&nbsp;devant le N\u00e9erlandais, qui conforte n\u00e9anmoins son leadership au championnat apr\u00e8s avoir marqu\u00e9 le maximum de points au terme des manches qualificatives. Troisi\u00e8me tant lors des manches que de la Finale, Thibaut Ramaeckers s\u2019offrait la place de premier Belge et son premier podium dans la IAME Series Benelux devant le N\u00e9erlandais Dylan Visser et le Belge Thomas Strauven. Dans le classement provisoire, Sacha van \u2018t Pad Bosch compte une confortable avance sur Cl\u00e9ment Outran et Thomas Strauven avant le prochain rendez-vous, \u00e0 Francorchamps fin juin.<\/p>\n\n\n\n<figure class=\"wp-block-image\"><img loading=\"lazy\" decoding=\"async\" width=\"800\" height=\"534\" src=\"https:\/\/theracebox.com\/wp-content\/uploads\/2019\/05\/ei-4.jpeg\" alt=\"\" class=\"wp-image-9708\" srcset=\"https:\/\/theracebox.com\/wp-content\/uploads\/2019\/05\/ei-4.jpeg 800w, https:\/\/theracebox.com\/wp-content\/uploads\/2019\/05\/ei-4-300x200.jpeg 300w, https:\/\/theracebox.com\/wp-content\/uploads\/2019\/05\/ei-4-768x513.jpeg 768w, https:\/\/theracebox.com\/wp-content\/uploads\/2019\/05\/ei-4-150x100.jpeg 150w, https:\/\/theracebox.com\/wp-content\/uploads\/2019\/05\/ei-4-500x334.jpeg 500w, https:\/\/theracebox.com\/wp-content\/uploads\/2019\/05\/ei-4-690x461.jpeg 690w\" sizes=\"auto, (max-width: 800px) 100vw, 800px\" \/><figcaption>\u00a9 Pascal Verheuge<\/figcaption><\/figure>\n\n\n\n<p><strong>X30 Master&nbsp;: retour\ngagnant pour Palmaers<\/strong><\/p>\n\n\n\n<p>Pour son retour \u00e0 la comp\u00e9tition, Olivier Palmaers a fait parler la poudre dans la cat\u00e9gorie X30 Master (+25 ans ou + 75kg). Mont\u00e9 en puissance tout au long du week-end, il parvenait \u00e0 se glisser au deuxi\u00e8me rang apr\u00e8s les manches qualificatives derri\u00e8re un Fabio Kieltyka imp\u00e9rial jusque-l\u00e0. Mais en Finale, Olivier parvenait \u00e0 suivre son rival pour porter une attaque d\u00e9cisive en fin de parcours. Sachant que cette participation devrait rester un one shot, c\u2019est n\u00e9anmoins Fabien Kieltyka qui r\u00e9alise la toute bonne op\u00e9ration au championnat. Car derri\u00e8re le duo de t\u00eate, le duel pour la 3<sup>e<\/sup> place entre Hubert Bauthier (vainqueur \u00e0 Mariembourg) et Bjorn Verhamme s\u2019est termin\u00e9 par\u2026 un accrochage dans le dernier virage&nbsp;! Le champion 2018 Justin Bonnes n\u2019en demandait pas tant pour retrouver le chemin du podium en devan\u00e7ant Quentin Henry, Benjamin Berghmans, Bjorn Verhamme et Alain Bazard, une fois de plus le meilleur des Gentlemen (+ de 45 ans). Finalement 11<sup>e<\/sup> de cette Finale, Hubert Bauthier voit Fabio Kieltyka reprendre la t\u00eate du championnat pour 5 points, Justin Bonnes compl\u00e9tant un podium tr\u00e8s provisoire.<\/p>\n\n\n\n<figure class=\"wp-block-image\"><img loading=\"lazy\" decoding=\"async\" width=\"800\" height=\"533\" src=\"https:\/\/theracebox.com\/wp-content\/uploads\/2019\/05\/ei-5.jpeg\" alt=\"\" class=\"wp-image-9711\" srcset=\"https:\/\/theracebox.com\/wp-content\/uploads\/2019\/05\/ei-5.jpeg 800w, https:\/\/theracebox.com\/wp-content\/uploads\/2019\/05\/ei-5-300x200.jpeg 300w, https:\/\/theracebox.com\/wp-content\/uploads\/2019\/05\/ei-5-768x512.jpeg 768w, https:\/\/theracebox.com\/wp-content\/uploads\/2019\/05\/ei-5-150x100.jpeg 150w, https:\/\/theracebox.com\/wp-content\/uploads\/2019\/05\/ei-5-500x333.jpeg 500w, https:\/\/theracebox.com\/wp-content\/uploads\/2019\/05\/ei-5-690x460.jpeg 690w\" sizes=\"auto, (max-width: 800px) 100vw, 800px\" \/><figcaption>\u00a9 Pascal Verheuge<\/figcaption><\/figure>\n\n\n\n<p><strong>X30 Super Shifter&nbsp;: Piirimagi\nen surclassement<\/strong><\/p>\n\n\n\n<p>Dominateur \u00e0 Mariembourg en X30 Super Shifter, Sten Dorian Piirimagi avait \u00e9t\u00e9 surpris par l\u2019arriv\u00e9e de la pluie lors de la Finale, achev\u00e9e au 4<sup>e<\/sup> rang. Lors de ce deuxi\u00e8me rendez-vous \u00e0 Ostricourt, le champion en titre a pris une \u00e9clatante revanche&nbsp;! Auteur de la pole position lors des essais et en t\u00eate apr\u00e8s les manches qualificatives, l\u2019Estonien s\u2019est envol\u00e9 en Finale pour s\u2019imposer avec pr\u00e8s de 7 secondes d\u2019avance sur Christof Huibers. L\u2019ex-leader du championnat n\u2019a pu que limiter les d\u00e9g\u00e2ts face \u00e0 Piirimagi pendant qu\u2019un autre Estonien, Kaspar Korjus compl\u00e9tait le podium. En lice pour ce podium, Fr\u00e9d\u00e9ric Op de Beeck et Sam Claes s\u2019accrochaient en fin de parcours et le premier recevait une p\u00e9nalit\u00e9 pour une mauvaise fixation du spoiler. Il glissait ainsi \u00e0 la 6<sup>e<\/sup> place derri\u00e8re Thomas Vansteenberghe et Ronan Waelbrouck. C\u2019est donc Sten Dorian Piirimagi qui arrivera \u00e0 Francorchamps en leader du championnat les 29 et 30 juin devant Christof Huibers et Sam Claes.<\/p>\n\n\n\n<p><strong>Report: IAME Belgium<\/strong><\/p>\n\n\n\n<p><strong>Photos&nbsp;: Pascal Verheuge<\/strong><\/p>\n","protected":false},"excerpt":{"rendered":"<p>La deuxi\u00e8me \u00e9preuve de la IAME Series Benelux \u00e0 Ostricourt a une fois encore propos\u00e9 du karting de tr\u00e8s haut niveau ! Apr\u00e8s des Finales souvent tr\u00e8s anim\u00e9es, Elie Goldstein (X30 Senior), Zach Ripley (X30 Junior), Kimmy Abraham (X30 Cadet), Cl\u00e9ment Outran (Mini), Olivier Palmaers (X30 Master) et Sten Dorian Piirimagi (X30 Super Shifter) se sont impos\u00e9s. Prochain rendez-vous les 29 et 30 juin sur la piste du Karting Francorchamps.<\/p>\n","protected":false},"author":4,"featured_media":9714,"comment_status":"closed","ping_status":"closed","sticky":false,"template":"","format":"standard","meta":{"footnotes":""},"categories":[104],"tags":[],"class_list":["post-9729","post","type-post","status-publish","format-standard","has-post-thumbnail","hentry","category-non-classifiee"],"_links":{"self":[{"href":"https:\/\/theracebox.com\/fr\/wp-json\/wp\/v2\/posts\/9729","targetHints":{"allow":["GET"]}}],"collection":[{"href":"https:\/\/theracebox.com\/fr\/wp-json\/wp\/v2\/posts"}],"about":[{"href":"https:\/\/theracebox.com\/fr\/wp-json\/wp\/v2\/types\/post"}],"author":[{"embeddable":true,"href":"https:\/\/theracebox.com\/fr\/wp-json\/wp\/v2\/users\/4"}],"replies":[{"embeddable":true,"href":"https:\/\/theracebox.com\/fr\/wp-json\/wp\/v2\/comments?post=9729"}],"version-history":[{"count":1,"href":"https:\/\/theracebox.com\/fr\/wp-json\/wp\/v2\/posts\/9729\/revisions"}],"predecessor-version":[{"id":9730,"href":"https:\/\/theracebox.com\/fr\/wp-json\/wp\/v2\/posts\/9729\/revisions\/9730"}],"wp:featuredmedia":[{"embeddable":true,"href":"https:\/\/theracebox.com\/fr\/wp-json\/wp\/v2\/media\/9714"}],"wp:attachment":[{"href":"https:\/\/theracebox.com\/fr\/wp-json\/wp\/v2\/media?parent=9729"}],"wp:term":[{"taxonomy":"category","embeddable":true,"href":"https:\/\/theracebox.com\/fr\/wp-json\/wp\/v2\/categories?post=9729"},{"taxonomy":"post_tag","embeddable":true,"href":"https:\/\/theracebox.com\/fr\/wp-json\/wp\/v2\/tags?post=9729"}],"curies":[{"name":"wp","href":"https:\/\/api.w.org\/{rel}","templated":true}]}}