{"id":9289,"date":"2019-04-24T14:15:12","date_gmt":"2019-04-24T14:15:12","guid":{"rendered":"https:\/\/theracebox.com\/?p=9289"},"modified":"2019-07-23T10:27:04","modified_gmt":"2019-07-23T10:27:04","slug":"lois-delbart-un-bon-debut-pour-le-lancement-du-championnat-deurope-fia-karting-a-angerville-2","status":"publish","type":"post","link":"https:\/\/theracebox.com\/fr\/lois-delbart-un-bon-debut-pour-le-lancement-du-championnat-deurope-fia-karting-a-angerville-2\/","title":{"rendered":"Lo\u00efs Delbart : Un bon d\u00e9but pour le lancement du Championnat d\u2019Europe FIA Karting \u00e0 Angerville"},"content":{"rendered":"\n<p>Lo\u00efs entame en 2019 un nouveau chapitre de sa prometteuse carri\u00e8re en s\u2019engageant dans sa premi\u00e8re campagne internationale compl\u00e8te parmi l\u2019\u00e9lite du OK Junior avec le challenge du Championnat d\u2019Europe FIA Karting qui se produit sur quelques uns des plus beaux circuits du continent, non-seulement Angerville mais aussi Genk, Kristianstad et Le Mans. Sans oublier une conclusion en fanfare du c\u00f4t\u00e9 d\u2019Alah\u00e4rm\u00e4, en Norv\u00e8ge, o\u00f9 se tiendra le Championnat du Monde OK\/Junior.<\/p>\n\n\n\n<p>Pour la premi\u00e8re \u00e9preuve europ\u00e9enne de la sp\u00e9cialit\u00e9, le pilote VDK Racing prenait d\u2019embl\u00e9e ses marques sur les 1198 m\u00e8tres du trac\u00e9 d\u2019Angerville en signant d\u00e8s les s\u00e9ries qualificatives du vendredi le 18\u00e8me chrono absolu sur 81 Juniors engag\u00e9s.<\/p>\n\n\n\n<p>Une entame de week-end qui allait le mettre en confiance en abordant ses cinq manches qualificatives qu\u2019il d\u00e9butait depuis le sixi\u00e8me rang sur la grille. Si la premi\u00e8re course du samedi matin s\u2019av\u00e8rait plus difficile que pr\u00e9vu, Lo\u00efs haussait progressivement le rythme et alignait les arriv\u00e9es dans le top 10 dont deux sixi\u00e8me places qui lui permettaient d\u2019acc\u00e9der \u00e0 la Finale en compagnie des 33 autres meilleurs Juniors de la comp\u00e9tition.<\/p>\n\n\n\n<figure class=\"wp-block-image\"><img loading=\"lazy\" decoding=\"async\" width=\"1024\" height=\"683\" src=\"https:\/\/theracebox.com\/wp-content\/uploads\/2019\/04\/RBAV_190421FIA-ANGERVILLE0251-1024x683.jpg\" alt=\"\" class=\"wp-image-9273\" srcset=\"https:\/\/theracebox.com\/wp-content\/uploads\/2019\/04\/RBAV_190421FIA-ANGERVILLE0251-1024x683.jpg 1024w, https:\/\/theracebox.com\/wp-content\/uploads\/2019\/04\/RBAV_190421FIA-ANGERVILLE0251-300x200.jpg 300w, https:\/\/theracebox.com\/wp-content\/uploads\/2019\/04\/RBAV_190421FIA-ANGERVILLE0251-768x512.jpg 768w, https:\/\/theracebox.com\/wp-content\/uploads\/2019\/04\/RBAV_190421FIA-ANGERVILLE0251-150x100.jpg 150w, https:\/\/theracebox.com\/wp-content\/uploads\/2019\/04\/RBAV_190421FIA-ANGERVILLE0251-500x333.jpg 500w, https:\/\/theracebox.com\/wp-content\/uploads\/2019\/04\/RBAV_190421FIA-ANGERVILLE0251-690x460.jpg 690w, https:\/\/theracebox.com\/wp-content\/uploads\/2019\/04\/RBAV_190421FIA-ANGERVILLE0251.jpg 2048w\" sizes=\"auto, (max-width: 1024px) 100vw, 1024px\" \/><figcaption>261, Delbart, Lois(GBR),VDK Racing(Kosmic \/ Iame \/ Vega), Angerville, 21 April 2019. FIA Karting European Championship, \u00a9 2019, Alexandros Vernardis \/ The RaceBox.<\/figcaption><\/figure>\n\n\n\n<p>Le dimanche apr\u00e8s-midi, Lo\u00efs s\u2019\u00e9lan\u00e7ait de la 21\u00e8me position sur la grille et se frayait habilement un chemin dans le peloton en doublant dix de ses adversaires. Une solide remont\u00e9e qu\u2019il concluait aux portes du top 10 avant d\u2019\u00e9coper d\u2019une p\u00e9nalit\u00e9 de cinq secondes suite \u00e0 un contact avec un autre pilote.<\/p>\n\n\n\n<p>Un al\u00e9a de fin de week-end qui n\u2019\u00e9moussait pourtant pas la motivation du jeune Belge qui repartait d\u2019Angerville avec la satisfaction du travail bien fait pour le coup d\u2019envoi de la comp\u00e9tition europ\u00e9enne au sein d\u2019un team VDK Racing o\u00f9 l\u2019entente et l\u2019encadrement technique ont \u00e9galement particip\u00e9 \u00e0 sa belle prestation sur le sol fran\u00e7ais.<\/p>\n\n\n\n<p>Le prochain rendez-vous international pour Lo\u00efs Delbart, \u00e7a sera sur le Pro Kart RaceLand de Wackersdorf o\u00f9 se tiendra le Kart Grand Prix d\u2019Allemagne avec le premier round du FIA Karting Troph\u00e9e Acad\u00e9mie en parall\u00e8le du coup d\u2019envoi des Championnats d\u2019Europe FIA Karting pour les cat\u00e9gories KZ et KZ2.<\/p>\n\n\n\n<figure class=\"wp-block-image\"><img loading=\"lazy\" decoding=\"async\" width=\"1024\" height=\"683\" src=\"https:\/\/theracebox.com\/wp-content\/uploads\/2019\/04\/RBAV_190421FIA-ANGERVILLE3843-1024x683.jpg\" alt=\"\" class=\"wp-image-9276\" srcset=\"https:\/\/theracebox.com\/wp-content\/uploads\/2019\/04\/RBAV_190421FIA-ANGERVILLE3843-1024x683.jpg 1024w, https:\/\/theracebox.com\/wp-content\/uploads\/2019\/04\/RBAV_190421FIA-ANGERVILLE3843-300x200.jpg 300w, https:\/\/theracebox.com\/wp-content\/uploads\/2019\/04\/RBAV_190421FIA-ANGERVILLE3843-768x512.jpg 768w, https:\/\/theracebox.com\/wp-content\/uploads\/2019\/04\/RBAV_190421FIA-ANGERVILLE3843-150x100.jpg 150w, https:\/\/theracebox.com\/wp-content\/uploads\/2019\/04\/RBAV_190421FIA-ANGERVILLE3843-500x333.jpg 500w, https:\/\/theracebox.com\/wp-content\/uploads\/2019\/04\/RBAV_190421FIA-ANGERVILLE3843-690x460.jpg 690w, https:\/\/theracebox.com\/wp-content\/uploads\/2019\/04\/RBAV_190421FIA-ANGERVILLE3843.jpg 2048w\" sizes=\"auto, (max-width: 1024px) 100vw, 1024px\" \/><figcaption>261, Delbart, Lois(GBR),VDK Racing(Kosmic \/ Iame \/ Vega), Angerville, 21 April 2019. FIA Karting European Championship, \u00a9 2019, Alexandros Vernardis \/ The RaceBox.<\/figcaption><\/figure>\n\n\n\n<p><strong>Texte: Guillaume Alvarez<\/strong><\/p>\n\n\n\n<p><strong>Photos: Alex Vernardis<\/strong><\/p>\n","protected":false},"excerpt":{"rendered":"<p>Lo\u00efs Delbart n\u2019a pas d\u00e9\u00e7u pour sa premi\u00e8re course de la saison 2019 dans le cadre du championnat d\u2019Europe de Karting de la FIA qui se tenait le week-end dernier sur le circuit d\u2019Angerville, en France. Engag\u00e9 en OK Junior, le jeune Belge a fait montre d\u2019une belle progression au volant d\u2019un ch\u00e2ssis irr\u00e9prochable pr\u00e9par\u00e9 par le team VDK Racing.<\/p>\n","protected":false},"author":4,"featured_media":9270,"comment_status":"closed","ping_status":"closed","sticky":false,"template":"","format":"standard","meta":{"footnotes":""},"categories":[104],"tags":[],"class_list":["post-9289","post","type-post","status-publish","format-standard","has-post-thumbnail","hentry","category-non-classifiee"],"_links":{"self":[{"href":"https:\/\/theracebox.com\/fr\/wp-json\/wp\/v2\/posts\/9289","targetHints":{"allow":["GET"]}}],"collection":[{"href":"https:\/\/theracebox.com\/fr\/wp-json\/wp\/v2\/posts"}],"about":[{"href":"https:\/\/theracebox.com\/fr\/wp-json\/wp\/v2\/types\/post"}],"author":[{"embeddable":true,"href":"https:\/\/theracebox.com\/fr\/wp-json\/wp\/v2\/users\/4"}],"replies":[{"embeddable":true,"href":"https:\/\/theracebox.com\/fr\/wp-json\/wp\/v2\/comments?post=9289"}],"version-history":[{"count":1,"href":"https:\/\/theracebox.com\/fr\/wp-json\/wp\/v2\/posts\/9289\/revisions"}],"predecessor-version":[{"id":9290,"href":"https:\/\/theracebox.com\/fr\/wp-json\/wp\/v2\/posts\/9289\/revisions\/9290"}],"wp:featuredmedia":[{"embeddable":true,"href":"https:\/\/theracebox.com\/fr\/wp-json\/wp\/v2\/media\/9270"}],"wp:attachment":[{"href":"https:\/\/theracebox.com\/fr\/wp-json\/wp\/v2\/media?parent=9289"}],"wp:term":[{"taxonomy":"category","embeddable":true,"href":"https:\/\/theracebox.com\/fr\/wp-json\/wp\/v2\/categories?post=9289"},{"taxonomy":"post_tag","embeddable":true,"href":"https:\/\/theracebox.com\/fr\/wp-json\/wp\/v2\/tags?post=9289"}],"curies":[{"name":"wp","href":"https:\/\/api.w.org\/{rel}","templated":true}]}}